{"id":930,"date":"2025-12-24T11:40:33","date_gmt":"2025-12-24T10:40:33","guid":{"rendered":"https:\/\/retina-der.uniovi.es\/?p=930"},"modified":"2025-12-24T12:40:39","modified_gmt":"2025-12-24T11:40:39","slug":"la-transparencia-algoritmica-en-la-administracion-publica-reflexiones-a-proposito-de-la-sts-1119-2025-de-11-de-septiembre-caso-bosco","status":"publish","type":"post","link":"https:\/\/retina-der.uniovi.es\/index.php\/2025\/12\/24\/la-transparencia-algoritmica-en-la-administracion-publica-reflexiones-a-proposito-de-la-sts-1119-2025-de-11-de-septiembre-caso-bosco\/","title":{"rendered":"La transparencia algor\u00edtmica en la Administraci\u00f3n P\u00fablica: reflexiones a prop\u00f3sito de la STS 1119\/2025, de 11 de septiembre (Caso Bosco)"},"content":{"rendered":"\n<p class=\"justificado\" id=\"justificado\">El Prof. Tahiri Moreno ha publicado el trabajo \u00abLa transparencia algor\u00edtmica en la Administraci\u00f3n P\u00fablica: reflexiones a prop\u00f3sito de la STS 1119\/2025, de 11 de septiembre (Caso Bosco)\u00bb, \u00a0Revista Aragonesa de Administraci\u00f3n P\u00fablica, n\u00fam. 63-64, 2025, pp. 189-205. Puede consultarse aqu\u00ed:<\/p>\n\n\n\n<div data-wp-interactive=\"core\/file\" class=\"wp-block-file\"><object data-wp-bind--hidden=\"!state.hasPdfPreview\" hidden class=\"wp-block-file__embed\" data=\"https:\/\/retina-der.uniovi.es\/wp-content\/uploads\/2025\/12\/COMENTARIO-TRANSPARENCIA-ALGORITIMCA.pdf\" type=\"application\/pdf\" style=\"width:100%;height:600px\" aria-label=\"Incrustado de COMENTARIO TRANSPARENCIA ALGOR\u00cdTIMCA.\"><\/object><a id=\"wp-block-file--media-f42d5e51-2f8d-42f7-8313-20178658cd0a\" href=\"https:\/\/retina-der.uniovi.es\/wp-content\/uploads\/2025\/12\/COMENTARIO-TRANSPARENCIA-ALGORITIMCA.pdf\">COMENTARIO TRANSPARENCIA ALGOR\u00cdTIMCA<\/a><a href=\"https:\/\/retina-der.uniovi.es\/wp-content\/uploads\/2025\/12\/COMENTARIO-TRANSPARENCIA-ALGORITIMCA.pdf\" class=\"wp-block-file__button wp-element-button\" download aria-describedby=\"wp-block-file--media-f42d5e51-2f8d-42f7-8313-20178658cd0a\">Descarga<\/a><\/div>\n","protected":false},"excerpt":{"rendered":"<p>El Prof. Tahiri Moreno ha publicado el trabajo \u00abLa transparencia algor\u00edtmica en la Administraci\u00f3n P\u00fablica: reflexiones a prop\u00f3sito de la STS 1119\/2025, de 11 de septiembre (Caso Bosco)\u00bb, \u00a0Revista Aragonesa de Administraci\u00f3n P\u00fablica, n\u00fam. 63-64, 2025, pp. 189-205. Puede consultarse aqu\u00ed:<\/p>\n","protected":false},"author":1,"featured_media":0,"comment_status":"open","ping_status":"open","sticky":false,"template":"","format":"standard","meta":{"footnotes":""},"categories":[14,11],"tags":[24],"class_list":["post-930","post","type-post","status-publish","format-standard","hentry","category-articulo","category-publicaciones","tag-jesus-tahiri-moreno"],"_links":{"self":[{"href":"https:\/\/retina-der.uniovi.es\/index.php\/wp-json\/wp\/v2\/posts\/930","targetHints":{"allow":["GET"]}}],"collection":[{"href":"https:\/\/retina-der.uniovi.es\/index.php\/wp-json\/wp\/v2\/posts"}],"about":[{"href":"https:\/\/retina-der.uniovi.es\/index.php\/wp-json\/wp\/v2\/types\/post"}],"author":[{"embeddable":true,"href":"https:\/\/retina-der.uniovi.es\/index.php\/wp-json\/wp\/v2\/users\/1"}],"replies":[{"embeddable":true,"href":"https:\/\/retina-der.uniovi.es\/index.php\/wp-json\/wp\/v2\/comments?post=930"}],"version-history":[{"count":1,"href":"https:\/\/retina-der.uniovi.es\/index.php\/wp-json\/wp\/v2\/posts\/930\/revisions"}],"predecessor-version":[{"id":932,"href":"https:\/\/retina-der.uniovi.es\/index.php\/wp-json\/wp\/v2\/posts\/930\/revisions\/932"}],"wp:attachment":[{"href":"https:\/\/retina-der.uniovi.es\/index.php\/wp-json\/wp\/v2\/media?parent=930"}],"wp:term":[{"taxonomy":"category","embeddable":true,"href":"https:\/\/retina-der.uniovi.es\/index.php\/wp-json\/wp\/v2\/categories?post=930"},{"taxonomy":"post_tag","embeddable":true,"href":"https:\/\/retina-der.uniovi.es\/index.php\/wp-json\/wp\/v2\/tags?post=930"}],"curies":[{"name":"wp","href":"https:\/\/api.w.org\/{rel}","templated":true}]}}